{"id":3345,"date":"2017-10-20T05:30:26","date_gmt":"2017-10-20T03:30:26","guid":{"rendered":"http:\/\/www.aclochepied.com\/blog\/?p=3345"},"modified":"2018-09-11T09:17:29","modified_gmt":"2018-09-11T07:17:29","slug":"spectacle-tout-public-samain","status":"publish","type":"post","link":"https:\/\/www.aclochepied.com\/blog\/?p=3345","title":{"rendered":"SPECTACLE TOUT PUBLIC: Samain"},"content":{"rendered":"<h1 style=\"text-align: center;\"><strong><span style=\"color: #ff6600;\">Samain, contes de la nuit sacr\u00e9e<\/span><\/strong><\/h1>\n<p style=\"text-align: center;\"><span style=\"color: #ff6600;\">Pour le tout public \u00e0 partir de 8 ans.<\/span><\/p>\n<p style=\"text-align: center;\"><span style=\"color: #ff6600;\">Dur\u00e9e\u00a0: 60 mn<\/span><\/p>\n<p><a href=\"http:\/\/www.aclochepied.com\/blog\/wp-content\/uploads\/2018\/09\/Affiche-Halloween-Cadre-def.jpg\"><img loading=\"lazy\" decoding=\"async\" class=\"alignnone size-large wp-image-3346\" src=\"http:\/\/www.aclochepied.com\/blog\/wp-content\/uploads\/2018\/09\/Affiche-Halloween-Cadre-def-724x1024.jpg\" alt=\"\" width=\"640\" height=\"905\" srcset=\"https:\/\/www.aclochepied.com\/blog\/wp-content\/uploads\/2018\/09\/Affiche-Halloween-Cadre-def-724x1024.jpg 724w, https:\/\/www.aclochepied.com\/blog\/wp-content\/uploads\/2018\/09\/Affiche-Halloween-Cadre-def-212x300.jpg 212w, https:\/\/www.aclochepied.com\/blog\/wp-content\/uploads\/2018\/09\/Affiche-Halloween-Cadre-def-768x1086.jpg 768w, https:\/\/www.aclochepied.com\/blog\/wp-content\/uploads\/2018\/09\/Affiche-Halloween-Cadre-def.jpg 794w\" sizes=\"(max-width: 640px) 100vw, 640px\" \/><\/a><\/p>\n<p style=\"text-align: center;\">Nuit du 31 Octobre en pays Celte, c\u2019est le d\u00e9but de l\u2019Hiver.<\/p>\n<p style=\"text-align: center;\">\u00ab\u00a0<em>Entendez-vous dans la plaine,<\/em><\/p>\n<p style=\"text-align: center;\"><em>Ce bruit venant jusqu\u2019\u00e0 nous\u2026<\/em>\u00a0\u00bb<\/p>\n<p style=\"text-align: center;\">Ce soir, la Porte du monde des Vivants et des Morts est grande ouverte.<\/p>\n<p style=\"text-align: center;\">P\u2019ti Dom saute dans la besace du <strong>P\u00e8re Lustucru <\/strong>\u00e0 la recherche de<\/p>\n<p style=\"text-align: center;\">L\u2019<strong>Or Vivant<\/strong> et du <strong>Livre<\/strong> qui sait.<\/p>\n<p style=\"text-align: center;\">Les histoires se sont \u00e9chapp\u00e9es,<\/p>\n<p style=\"text-align: center;\">Pti Dom doit les rattraper avant le chant du coq.<\/p>\n<p style=\"text-align: center;\"><strong>Jack<\/strong> l\u2019\u00e9claire \u00e0 la lueur\u00a0De sa <strong>Lanterne.<\/strong><\/p>\n<p style=\"text-align: center;\">P\u2019ti Dom d\u00e9couvre\u00a0L\u2019<strong>origine<\/strong> des <strong>Citrouilles et\u00a0<\/strong>le difficile m\u00e9tier de sorci\u00e8res.<\/p>\n<p style=\"text-align: center;\">En chemin, il rencontre\u00a0Le <strong>Diable<\/strong> et les <strong>Lavandi\u00e8res de la Nuit<\/strong><\/p>\n<p style=\"text-align: center;\">Ne posez pas le regard sur Elles\u2026<\/p>\n<p>~<\/p>\n<p><span style=\"color: #ff6600;\">Halloween<\/span><\/p>\n<p><span style=\"color: #ff6600;\">F\u00eate de la <strong>Nuit Sacr\u00e9e <\/strong>est <strong>Europ\u00e9enne<\/strong> d\u2019origine <strong>Celte<\/strong>.<\/span><\/p>\n<p><span style=\"color: #ff6600;\">Elle fut import\u00e9e aux Etats-Unis par les immigrants<strong> Irlandais<\/strong>,<\/span><\/p>\n","protected":false},"excerpt":{"rendered":"<p>Samain, contes de la nuit sacr\u00e9e Pour le tout public \u00e0 partir de 8 ans. Dur\u00e9e\u00a0: 60 mn Nuit du 31 Octobre en pays Celte, c\u2019est le d\u00e9but de l\u2019Hiver. \u00ab\u00a0Entendez-vous dans la plaine, Ce bruit venant jusqu\u2019\u00e0 nous\u2026\u00a0\u00bb Ce &hellip; <a href=\"https:\/\/www.aclochepied.com\/blog\/?p=3345\">Continuer la lecture <span class=\"meta-nav\">&rarr;<\/span><\/a><\/p>\n","protected":false},"author":3,"featured_media":0,"comment_status":"closed","ping_status":"open","sticky":false,"template":"","format":"standard","meta":{"footnotes":""},"categories":[19],"tags":[],"_links":{"self":[{"href":"https:\/\/www.aclochepied.com\/blog\/index.php?rest_route=\/wp\/v2\/posts\/3345"}],"collection":[{"href":"https:\/\/www.aclochepied.com\/blog\/index.php?rest_route=\/wp\/v2\/posts"}],"about":[{"href":"https:\/\/www.aclochepied.com\/blog\/index.php?rest_route=\/wp\/v2\/types\/post"}],"author":[{"embeddable":true,"href":"https:\/\/www.aclochepied.com\/blog\/index.php?rest_route=\/wp\/v2\/users\/3"}],"replies":[{"embeddable":true,"href":"https:\/\/www.aclochepied.com\/blog\/index.php?rest_route=%2Fwp%2Fv2%2Fcomments&post=3345"}],"version-history":[{"count":1,"href":"https:\/\/www.aclochepied.com\/blog\/index.php?rest_route=\/wp\/v2\/posts\/3345\/revisions"}],"predecessor-version":[{"id":3347,"href":"https:\/\/www.aclochepied.com\/blog\/index.php?rest_route=\/wp\/v2\/posts\/3345\/revisions\/3347"}],"wp:attachment":[{"href":"https:\/\/www.aclochepied.com\/blog\/index.php?rest_route=%2Fwp%2Fv2%2Fmedia&parent=3345"}],"wp:term":[{"taxonomy":"category","embeddable":true,"href":"https:\/\/www.aclochepied.com\/blog\/index.php?rest_route=%2Fwp%2Fv2%2Fcategories&post=3345"},{"taxonomy":"post_tag","embeddable":true,"href":"https:\/\/www.aclochepied.com\/blog\/index.php?rest_route=%2Fwp%2Fv2%2Ftags&post=3345"}],"curies":[{"name":"wp","href":"https:\/\/api.w.org\/{rel}","templated":true}]}}